{"id":393,"date":"2026-08-31T14:19:57","date_gmt":"2026-08-31T12:19:57","guid":{"rendered":"https:\/\/www.psychologische-praxis-aachen.de\/blog\/?p=393"},"modified":"2026-08-31T14:20:00","modified_gmt":"2026-08-31T12:20:00","slug":"schulstart-ohne-stress-wenn-der-schulanfang-belastet","status":"publish","type":"post","link":"https:\/\/www.psychologische-praxis-aachen.de\/blog\/schulstart-ohne-stress-wenn-der-schulanfang-belastet\/","title":{"rendered":"Schulstart ohne Stress? Wenn der Schulanfang Kinder und Eltern belastet"},"content":{"rendered":"\n<p class=\"wp-block-paragraph\">Die Ferien sind vorbei, der Schulranzen steht bereit und langsam kehrt der Alltag zur\u00fcck. F\u00fcr viele Familien bedeutet der Schulstart eine willkommene R\u00fcckkehr zu festen Strukturen. F\u00fcr andere beginnt damit eine Zeit, die von Stress, Konflikten und Unsicherheit gepr\u00e4gt ist.<\/p>\n\n\n\n<p class=\"wp-block-paragraph\">Schon einige Tage oder Wochen vor dem Schulanfang k\u00f6nnen Kinder unruhiger werden, schlecht schlafen oder h\u00e4ufiger gereizt reagieren. Manche m\u00f6chten nicht \u00fcber die Schule sprechen, andere klagen \u00fcber Bauch- oder Kopfschmerzen. Auch morgens kann es pl\u00f6tzlich h\u00e4ufiger zu Streit kommen.<\/p>\n\n\n\n<p class=\"wp-block-paragraph\">Eltern erleben diese Ver\u00e4nderungen manchmal mit Sorge oder Unverst\u00e4ndnis. Sie fragen sich, warum der Schulstart ihrem Kind so schwerf\u00e4llt oder ob sie vielleicht zu viel erwarten.<\/p>\n\n\n\n<p class=\"wp-block-paragraph\">Dabei ist es wichtig, zun\u00e4chst zu verstehen: <strong>Ein Kind, das auf den Schulstart mit Stress oder R\u00fcckzug reagiert, macht dies nicht unbedingt absichtlich. H\u00e4ufig steckt hinter dem Verhalten eine \u00dcberforderung, Angst oder Unsicherheit, die das Kind selbst noch nicht richtig einordnen kann.<\/strong><\/p>\n\n\n\n<figure class=\"wp-block-image size-large\"><img loading=\"lazy\" decoding=\"async\" width=\"1024\" height=\"683\" src=\"https:\/\/www.psychologische-praxis-aachen.de\/blog\/wp-content\/uploads\/2026\/08\/schulstart-stress-1024x683.jpg\" alt=\"\" class=\"wp-image-394\" srcset=\"https:\/\/www.psychologische-praxis-aachen.de\/blog\/wp-content\/uploads\/2026\/08\/schulstart-stress-1024x683.jpg 1024w, https:\/\/www.psychologische-praxis-aachen.de\/blog\/wp-content\/uploads\/2026\/08\/schulstart-stress-300x200.jpg 300w, https:\/\/www.psychologische-praxis-aachen.de\/blog\/wp-content\/uploads\/2026\/08\/schulstart-stress-768x512.jpg 768w, https:\/\/www.psychologische-praxis-aachen.de\/blog\/wp-content\/uploads\/2026\/08\/schulstart-stress-1536x1024.jpg 1536w, https:\/\/www.psychologische-praxis-aachen.de\/blog\/wp-content\/uploads\/2026\/08\/schulstart-stress-2048x1365.jpg 2048w, https:\/\/www.psychologische-praxis-aachen.de\/blog\/wp-content\/uploads\/2026\/08\/schulstart-stress-90x60.jpg 90w\" sizes=\"auto, (max-width: 1024px) 100vw, 1024px\" \/><\/figure>\n\n\n\n<h2 class=\"wp-block-heading\">Warum kann der Schulstart so belastend sein?<\/h2>\n\n\n\n<p class=\"wp-block-paragraph\">Ferien bedeuten f\u00fcr Kinder h\u00e4ufig mehr Freiheit, weniger feste Zeiten und weniger Anforderungen. Der Tagesablauf ver\u00e4ndert sich, Schlafenszeiten verschieben sich und es gibt mehr Raum f\u00fcr Erholung und eigene Aktivit\u00e4ten.<\/p>\n\n\n\n<p class=\"wp-block-paragraph\">Mit dem Schulbeginn ver\u00e4ndert sich vieles gleichzeitig:<\/p>\n\n\n\n<ul class=\"wp-block-list\">\n<li>Der Tagesablauf wird wieder st\u00e4rker vorgegeben.<\/li>\n\n\n\n<li>Anforderungen und Erwartungen nehmen zu.<\/li>\n\n\n\n<li>Kinder m\u00fcssen sich \u00fcber l\u00e4ngere Zeit konzentrieren.<\/li>\n\n\n\n<li>Hausaufgaben und Lernzeiten kommen hinzu.<\/li>\n\n\n\n<li>Soziale Beziehungen in der Klasse k\u00f6nnen belastend sein.<\/li>\n\n\n\n<li>Leistungsanforderungen k\u00f6nnen \u00c4ngste ausl\u00f6sen.<\/li>\n\n\n\n<li>Morgendlicher Zeitdruck kann Konflikte verst\u00e4rken.<\/li>\n<\/ul>\n\n\n\n<p class=\"wp-block-paragraph\">F\u00fcr die meisten Kinder ist eine gewisse Umstellung ganz normal. Sie brauchen einige Zeit, um wieder in ihre Routinen hineinzufinden.<\/p>\n\n\n\n<p class=\"wp-block-paragraph\"><strong>Problematisch wird es vor allem dann, wenn die Belastung sehr stark ist oder \u00fcber l\u00e4ngere Zeit bestehen bleibt.<\/strong><\/p>\n\n\n\n<h2 class=\"wp-block-heading\">Schulstress zeigt sich nicht immer als Angst<\/h2>\n\n\n\n<p class=\"wp-block-paragraph\">Wenn Eltern an Schulstress denken, denken sie h\u00e4ufig zuerst an ein Kind, das Angst vor der Schule hat. Psychische Belastungen k\u00f6nnen sich jedoch sehr unterschiedlich zeigen.<\/p>\n\n\n\n<p class=\"wp-block-paragraph\">Ein Kind kann beispielsweise:<\/p>\n\n\n\n<ul class=\"wp-block-list\">\n<li>h\u00e4ufig gereizt oder w\u00fctend sein,<\/li>\n\n\n\n<li>sich zur\u00fcckziehen,<\/li>\n\n\n\n<li>morgens nicht aufstehen wollen,<\/li>\n\n\n\n<li>h\u00e4ufig \u00fcber Bauch- oder Kopfschmerzen klagen,<\/li>\n\n\n\n<li>schlecht einschlafen oder durchschlafen,<\/li>\n\n\n\n<li>Schwierigkeiten haben, sich zu konzentrieren,<\/li>\n\n\n\n<li>schnell weinen oder \u00fcberfordert wirken,<\/li>\n\n\n\n<li>Hausaufgaben vermeiden,<\/li>\n\n\n\n<li>gro\u00dfe Angst vor Fehlern haben,<\/li>\n\n\n\n<li>sich selbst stark unter Druck setzen.<\/li>\n<\/ul>\n\n\n\n<p class=\"wp-block-paragraph\">Gerade <strong>Unruhe, Wut oder Verweigerung werden von Erwachsenen manchmal als \u201ekeine Lust\u201c oder \u201efehlende Disziplin\u201c interpretiert<\/strong>. Dahinter kann jedoch auch eine emotionale \u00dcberforderung stehen.<\/p>\n\n\n\n<p class=\"wp-block-paragraph\">Deshalb lohnt es sich, nicht nur auf das sichtbare Verhalten zu schauen, sondern sich zu fragen:<\/p>\n\n\n\n<blockquote class=\"wp-block-quote is-layout-flow wp-block-quote-is-layout-flow\">\n<p class=\"wp-block-paragraph\"><strong>Was k\u00f6nnte hinter diesem Verhalten stehen?<\/strong><\/p>\n<\/blockquote>\n\n\n\n<h2 class=\"wp-block-heading\">Schulangst und Leistungsdruck<\/h2>\n\n\n\n<p class=\"wp-block-paragraph\">Der Schulstart kann insbesondere dann belastend werden, wenn bereits zuvor \u00c4ngste oder Schwierigkeiten bestanden haben.<\/p>\n\n\n\n<p class=\"wp-block-paragraph\">Manche Kinder haben Angst davor, Fehler zu machen oder den Erwartungen von Eltern und Lehrkr\u00e4ften nicht gerecht zu werden. Andere sorgen sich um Klassenarbeiten, Noten oder die Reaktion anderer Kinder.<\/p>\n\n\n\n<p class=\"wp-block-paragraph\">Auch soziale Situationen k\u00f6nnen eine Rolle spielen. Konflikte mit Mitsch\u00fclern, Schwierigkeiten, Anschluss zu finden, oder die Angst, nicht dazuzugeh\u00f6ren, k\u00f6nnen f\u00fcr Kinder sehr belastend sein.<\/p>\n\n\n\n<p class=\"wp-block-paragraph\">Dabei muss ein Kind nicht ausdr\u00fccklich sagen:<\/p>\n\n\n\n<blockquote class=\"wp-block-quote is-layout-flow wp-block-quote-is-layout-flow\">\n<p class=\"wp-block-paragraph\">\u201eIch habe Angst vor der Schule.\u201c<\/p>\n<\/blockquote>\n\n\n\n<p class=\"wp-block-paragraph\">Stattdessen kann sich die Angst beispielsweise durch Bauchschmerzen am Sonntagabend, Tr\u00e4nen am Montagmorgen oder zunehmende Vermeidung zeigen.<\/p>\n\n\n\n<figure class=\"wp-block-image size-large\"><img loading=\"lazy\" decoding=\"async\" width=\"1024\" height=\"683\" src=\"https:\/\/www.psychologische-praxis-aachen.de\/blog\/wp-content\/uploads\/2026\/08\/schule-druck-1024x683.jpg\" alt=\"\" class=\"wp-image-395\" srcset=\"https:\/\/www.psychologische-praxis-aachen.de\/blog\/wp-content\/uploads\/2026\/08\/schule-druck-1024x683.jpg 1024w, https:\/\/www.psychologische-praxis-aachen.de\/blog\/wp-content\/uploads\/2026\/08\/schule-druck-300x200.jpg 300w, https:\/\/www.psychologische-praxis-aachen.de\/blog\/wp-content\/uploads\/2026\/08\/schule-druck-768x512.jpg 768w, https:\/\/www.psychologische-praxis-aachen.de\/blog\/wp-content\/uploads\/2026\/08\/schule-druck-1536x1024.jpg 1536w, https:\/\/www.psychologische-praxis-aachen.de\/blog\/wp-content\/uploads\/2026\/08\/schule-druck-2048x1365.jpg 2048w, https:\/\/www.psychologische-praxis-aachen.de\/blog\/wp-content\/uploads\/2026\/08\/schule-druck-90x60.jpg 90w\" sizes=\"auto, (max-width: 1024px) 100vw, 1024px\" \/><\/figure>\n\n\n\n<h2 class=\"wp-block-heading\">Wenn Eltern selbst unter Druck geraten<\/h2>\n\n\n\n<p class=\"wp-block-paragraph\">Der Schulstart ist nicht nur f\u00fcr Kinder eine Ver\u00e4nderung. Auch f\u00fcr Eltern beginnt wieder ein st\u00e4rker strukturierter Alltag.<\/p>\n\n\n\n<p class=\"wp-block-paragraph\">Arbeitszeiten, Schultermine, Hausaufgaben, Freizeitaktivit\u00e4ten und Familienorganisation m\u00fcssen miteinander vereinbart werden. Wenn ein Kind gleichzeitig Schwierigkeiten mit dem Schulbeginn hat, kann der Druck schnell zunehmen.<\/p>\n\n\n\n<p class=\"wp-block-paragraph\">Es entsteht dann manchmal ein Kreislauf:<\/p>\n\n\n\n<p class=\"wp-block-paragraph\"><strong>Das Kind ist \u00fcberfordert \u2192 die Eltern machen sich Sorgen \u2192 die Anforderungen werden erh\u00f6ht \u2192 das Kind f\u00fchlt sich noch st\u00e4rker unter Druck \u2192 Konflikte nehmen zu.<\/strong><\/p>\n\n\n\n<p class=\"wp-block-paragraph\">Gerade in solchen Situationen kann es hilfreich sein, einen Schritt zur\u00fcckzutreten und die Situation gemeinsam zu betrachten.<\/p>\n\n\n\n<p class=\"wp-block-paragraph\">Nicht jede Schwierigkeit muss sofort therapeutisch behandelt werden. Manchmal k\u00f6nnen bereits kleine Ver\u00e4nderungen im Alltag und ein anderes Verst\u00e4ndnis f\u00fcr die Situation des Kindes eine Entlastung bringen.<\/p>\n\n\n\n<h2 class=\"wp-block-heading\">Was k\u00f6nnen Eltern beim Schulstart tun?<\/h2>\n\n\n\n<p class=\"wp-block-paragraph\">Kinder profitieren in der Regel von <strong>verl\u00e4sslichen Strukturen und gleichzeitig ausreichend Raum f\u00fcr Erholung<\/strong>.<\/p>\n\n\n\n<p class=\"wp-block-paragraph\">Hilfreich kann sein, den \u00dcbergang in den Schulalltag nicht unn\u00f6tig zu dramatisieren. Gleichzeitig sollten Eltern Ver\u00e4nderungen im Verhalten ihres Kindes ernst nehmen.<\/p>\n\n\n\n<p class=\"wp-block-paragraph\">Ein regelm\u00e4\u00dfiger Tagesablauf, ausreichend Schlaf, Bewegung und freie Zeit k\u00f6nnen dabei helfen, wieder in den Schulrhythmus zu finden.<\/p>\n\n\n\n<p class=\"wp-block-paragraph\">Auch Gespr\u00e4che k\u00f6nnen entlasten. Dabei geht es nicht unbedingt darum, sofort L\u00f6sungen zu finden. Manchmal ist es zun\u00e4chst wichtiger, herauszufinden:<\/p>\n\n\n\n<p class=\"wp-block-paragraph\"><strong>Was genau macht meinem Kind gerade Sorgen?<\/strong><\/p>\n\n\n\n<p class=\"wp-block-paragraph\">Statt wiederholt zu fragen:<\/p>\n\n\n\n<blockquote class=\"wp-block-quote is-layout-flow wp-block-quote-is-layout-flow\">\n<p class=\"wp-block-paragraph\">\u201eWarum willst du denn nicht zur Schule?\u201c<\/p>\n<\/blockquote>\n\n\n\n<p class=\"wp-block-paragraph\">kann eine offenere Frage hilfreicher sein:<\/p>\n\n\n\n<blockquote class=\"wp-block-quote is-layout-flow wp-block-quote-is-layout-flow\">\n<p class=\"wp-block-paragraph\">\u201eWas ist gerade das Schwierigste an der Schule f\u00fcr dich?\u201c<\/p>\n<\/blockquote>\n\n\n\n<p class=\"wp-block-paragraph\">So entsteht eher Raum daf\u00fcr, dass ein Kind \u00fcber seine tats\u00e4chlichen Sorgen spricht.<\/p>\n\n\n\n<h2 class=\"wp-block-heading\">Wann sollten Eltern genauer hinschauen?<\/h2>\n\n\n\n<p class=\"wp-block-paragraph\">Eine schwierige erste Schulwoche bedeutet noch nicht, dass ein Kind psychologische Unterst\u00fctzung ben\u00f6tigt. Ver\u00e4nderungen und anf\u00e4nglicher Stress k\u00f6nnen Teil einer normalen Anpassungsphase sein.<\/p>\n\n\n\n<p class=\"wp-block-paragraph\">Eltern sollten jedoch genauer hinschauen, wenn Beschwerden <strong>\u00fcber l\u00e4ngere Zeit bestehen, deutlich zunehmen oder den Alltag des Kindes erheblich beeintr\u00e4chtigen<\/strong>.<\/p>\n\n\n\n<p class=\"wp-block-paragraph\">Das kann beispielsweise der Fall sein, wenn ein Kind dauerhaft nicht zur Schule gehen m\u00f6chte, starke \u00c4ngste entwickelt, sich zunehmend zur\u00fcckzieht, h\u00e4ufig k\u00f6rperliche Beschwerden ohne erkennbare k\u00f6rperliche Ursache hat oder seine Stimmung und sein Verhalten sich deutlich ver\u00e4ndern.<\/p>\n\n\n\n<p class=\"wp-block-paragraph\">Auch wenn Eltern das Gef\u00fchl haben:<\/p>\n\n\n\n<blockquote class=\"wp-block-quote is-layout-flow wp-block-quote-is-layout-flow\">\n<p class=\"wp-block-paragraph\"><strong>\u201eWir kommen alleine nicht mehr weiter.\u201c<\/strong><\/p>\n<\/blockquote>\n\n\n\n<p class=\"wp-block-paragraph\">kann ein Gespr\u00e4ch mit einer psychologischen Fachperson sinnvoll sein.<\/p>\n\n\n\n<p class=\"wp-block-paragraph\">Dabei muss nicht bereits feststehen, dass eine psychische Erkrankung vorliegt. Ein Erstgespr\u00e4ch kann zun\u00e4chst dabei helfen, die Situation einzuordnen und gemeinsam zu \u00fcberlegen, welche Unterst\u00fctzung sinnvoll ist.<\/p>\n\n\n\n<h3 class=\"wp-block-heading\">Wenn der Schulstart zur Belastung wird<\/h3>\n\n\n\n<p class=\"wp-block-paragraph\">Nicht jedes Kind braucht eine Therapie, weil der Schulanfang schwierig ist. Manchmal braucht es Zeit, neue Routinen oder etwas mehr Unterst\u00fctzung durch die Eltern.<\/p>\n\n\n\n<p class=\"wp-block-paragraph\">Wenn \u00c4ngste, \u00dcberforderung, R\u00fcckzug, Konzentrationsprobleme oder andere Beschwerden jedoch l\u00e4nger anhalten, kann es sinnvoll sein, genauer hinzuschauen.<\/p>\n\n\n\n<p class=\"wp-block-paragraph\"><strong>Bei anhaltenden psychischen Belastungen k\u00f6nnen Eltern sich zun\u00e4chst unverbindlich beraten lassen und gemeinsam mit einer psychologischen Fachperson kl\u00e4ren, welche Unterst\u00fctzung f\u00fcr ihr Kind sinnvoll sein k\u00f6nnte.<\/strong><\/p>\n","protected":false},"excerpt":{"rendered":"<p>Die Ferien sind vorbei, der Schulranzen steht bereit und langsam kehrt der Alltag zur\u00fcck. F\u00fcr viele Familien bedeutet der Schulstart eine willkommene R\u00fcckkehr zu festen Strukturen. F\u00fcr andere beginnt damit eine Zeit, die von Stress, Konflikten und Unsicherheit gepr\u00e4gt ist. Schon einige Tage oder Wochen vor dem Schulanfang k\u00f6nnen Kinder unruhiger werden, schlecht schlafen oder &hellip; <\/p>\n","protected":false},"author":1,"featured_media":394,"comment_status":"closed","ping_status":"open","sticky":false,"template":"","format":"standard","meta":{"footnotes":""},"categories":[1],"tags":[],"class_list":["post-393","post","type-post","status-publish","format-standard","has-post-thumbnail","hentry","category-allgemein"],"yoast_head":"<!-- This site is optimized with the Yoast SEO plugin v28.3 - https:\/\/yoast.com\/product\/yoast-seo-wordpress\/ -->\n<title>Schulstart ohne Stress? Wenn der Schulanfang Kinder und Eltern belastet - Psychologischer Blog<\/title>\n<meta name=\"description\" content=\"Schulstart und Schulanfang k\u00f6nnen Kinder und Eltern belasten. Erfahren Sie, warum Stress, \u00c4ngste und \u00dcberforderung entstehen und was helfen kann.\" \/>\n<meta name=\"robots\" content=\"index, follow, max-snippet:-1, max-image-preview:large, max-video-preview:-1\" \/>\n<link rel=\"canonical\" href=\"https:\/\/www.psychologische-praxis-aachen.de\/blog\/schulstart-ohne-stress-wenn-der-schulanfang-belastet\/\" \/>\n<meta property=\"og:locale\" content=\"de_DE\" \/>\n<meta property=\"og:type\" content=\"article\" \/>\n<meta property=\"og:title\" content=\"Schulstart ohne Stress? Wenn der Schulanfang Kinder und Eltern belastet - Psychologischer Blog\" \/>\n<meta property=\"og:description\" content=\"Schulstart und Schulanfang k\u00f6nnen Kinder und Eltern belasten. Erfahren Sie, warum Stress, \u00c4ngste und \u00dcberforderung entstehen und was helfen kann.\" \/>\n<meta property=\"og:url\" content=\"https:\/\/www.psychologische-praxis-aachen.de\/blog\/schulstart-ohne-stress-wenn-der-schulanfang-belastet\/\" \/>\n<meta property=\"og:site_name\" content=\"Psychologischer Blog\" \/>\n<meta property=\"article:published_time\" content=\"2026-08-31T12:19:57+00:00\" \/>\n<meta property=\"article:modified_time\" content=\"2026-08-31T12:20:00+00:00\" \/>\n<meta property=\"og:image\" content=\"https:\/\/www.psychologische-praxis-aachen.de\/blog\/wp-content\/uploads\/2026\/08\/schulstart-stress-scaled.jpg\" \/>\n\t<meta property=\"og:image:width\" content=\"2560\" \/>\n\t<meta property=\"og:image:height\" content=\"1707\" \/>\n\t<meta property=\"og:image:type\" content=\"image\/jpeg\" \/>\n<meta name=\"author\" content=\"kamila.ecker\" \/>\n<meta name=\"twitter:card\" content=\"summary_large_image\" \/>\n<meta name=\"twitter:label1\" content=\"Verfasst von\" \/>\n\t<meta name=\"twitter:data1\" content=\"kamila.ecker\" \/>\n\t<meta name=\"twitter:label2\" content=\"Gesch\u00e4tzte Lesezeit\" \/>\n\t<meta name=\"twitter:data2\" content=\"6\u00a0Minuten\" \/>\n<script type=\"application\/ld+json\" class=\"yoast-schema-graph\">{\"@context\":\"https:\\\/\\\/schema.org\",\"@graph\":[{\"@type\":\"Article\",\"@id\":\"https:\\\/\\\/www.psychologische-praxis-aachen.de\\\/blog\\\/schulstart-ohne-stress-wenn-der-schulanfang-belastet\\\/#article\",\"isPartOf\":{\"@id\":\"https:\\\/\\\/www.psychologische-praxis-aachen.de\\\/blog\\\/schulstart-ohne-stress-wenn-der-schulanfang-belastet\\\/\"},\"author\":{\"name\":\"kamila.ecker\",\"@id\":\"https:\\\/\\\/www.psychologische-praxis-aachen.de\\\/blog\\\/#\\\/schema\\\/person\\\/fc90cedab9bed991556cf94e8fe9806a\"},\"headline\":\"Schulstart ohne Stress? Wenn der Schulanfang Kinder und Eltern belastet\",\"datePublished\":\"2026-08-31T12:19:57+00:00\",\"dateModified\":\"2026-08-31T12:20:00+00:00\",\"mainEntityOfPage\":{\"@id\":\"https:\\\/\\\/www.psychologische-praxis-aachen.de\\\/blog\\\/schulstart-ohne-stress-wenn-der-schulanfang-belastet\\\/\"},\"wordCount\":1068,\"publisher\":{\"@id\":\"https:\\\/\\\/www.psychologische-praxis-aachen.de\\\/blog\\\/#organization\"},\"image\":{\"@id\":\"https:\\\/\\\/www.psychologische-praxis-aachen.de\\\/blog\\\/schulstart-ohne-stress-wenn-der-schulanfang-belastet\\\/#primaryimage\"},\"thumbnailUrl\":\"https:\\\/\\\/www.psychologische-praxis-aachen.de\\\/blog\\\/wp-content\\\/uploads\\\/2026\\\/08\\\/schulstart-stress-scaled.jpg\",\"inLanguage\":\"de\"},{\"@type\":\"WebPage\",\"@id\":\"https:\\\/\\\/www.psychologische-praxis-aachen.de\\\/blog\\\/schulstart-ohne-stress-wenn-der-schulanfang-belastet\\\/\",\"url\":\"https:\\\/\\\/www.psychologische-praxis-aachen.de\\\/blog\\\/schulstart-ohne-stress-wenn-der-schulanfang-belastet\\\/\",\"name\":\"Schulstart ohne Stress? Wenn der Schulanfang Kinder und Eltern belastet - Psychologischer Blog\",\"isPartOf\":{\"@id\":\"https:\\\/\\\/www.psychologische-praxis-aachen.de\\\/blog\\\/#website\"},\"primaryImageOfPage\":{\"@id\":\"https:\\\/\\\/www.psychologische-praxis-aachen.de\\\/blog\\\/schulstart-ohne-stress-wenn-der-schulanfang-belastet\\\/#primaryimage\"},\"image\":{\"@id\":\"https:\\\/\\\/www.psychologische-praxis-aachen.de\\\/blog\\\/schulstart-ohne-stress-wenn-der-schulanfang-belastet\\\/#primaryimage\"},\"thumbnailUrl\":\"https:\\\/\\\/www.psychologische-praxis-aachen.de\\\/blog\\\/wp-content\\\/uploads\\\/2026\\\/08\\\/schulstart-stress-scaled.jpg\",\"datePublished\":\"2026-08-31T12:19:57+00:00\",\"dateModified\":\"2026-08-31T12:20:00+00:00\",\"description\":\"Schulstart und Schulanfang k\u00f6nnen Kinder und Eltern belasten. Erfahren Sie, warum Stress, \u00c4ngste und \u00dcberforderung entstehen und was helfen kann.\",\"breadcrumb\":{\"@id\":\"https:\\\/\\\/www.psychologische-praxis-aachen.de\\\/blog\\\/schulstart-ohne-stress-wenn-der-schulanfang-belastet\\\/#breadcrumb\"},\"inLanguage\":\"de\",\"potentialAction\":[{\"@type\":\"ReadAction\",\"target\":[\"https:\\\/\\\/www.psychologische-praxis-aachen.de\\\/blog\\\/schulstart-ohne-stress-wenn-der-schulanfang-belastet\\\/\"]}]},{\"@type\":\"ImageObject\",\"inLanguage\":\"de\",\"@id\":\"https:\\\/\\\/www.psychologische-praxis-aachen.de\\\/blog\\\/schulstart-ohne-stress-wenn-der-schulanfang-belastet\\\/#primaryimage\",\"url\":\"https:\\\/\\\/www.psychologische-praxis-aachen.de\\\/blog\\\/wp-content\\\/uploads\\\/2026\\\/08\\\/schulstart-stress-scaled.jpg\",\"contentUrl\":\"https:\\\/\\\/www.psychologische-praxis-aachen.de\\\/blog\\\/wp-content\\\/uploads\\\/2026\\\/08\\\/schulstart-stress-scaled.jpg\",\"width\":2560,\"height\":1707},{\"@type\":\"BreadcrumbList\",\"@id\":\"https:\\\/\\\/www.psychologische-praxis-aachen.de\\\/blog\\\/schulstart-ohne-stress-wenn-der-schulanfang-belastet\\\/#breadcrumb\",\"itemListElement\":[{\"@type\":\"ListItem\",\"position\":1,\"name\":\"Startseite\",\"item\":\"https:\\\/\\\/www.psychologische-praxis-aachen.de\\\/blog\\\/\"},{\"@type\":\"ListItem\",\"position\":2,\"name\":\"Schulstart ohne Stress? Wenn der Schulanfang Kinder und Eltern belastet\"}]},{\"@type\":\"WebSite\",\"@id\":\"https:\\\/\\\/www.psychologische-praxis-aachen.de\\\/blog\\\/#website\",\"url\":\"https:\\\/\\\/www.psychologische-praxis-aachen.de\\\/blog\\\/\",\"name\":\"Psychologischer Blog\",\"description\":\"Wissen, Einordnung und praktische Perspektiven zu psychischen Belastungen und pers\u00f6nlichen Themen\",\"publisher\":{\"@id\":\"https:\\\/\\\/www.psychologische-praxis-aachen.de\\\/blog\\\/#organization\"},\"potentialAction\":[{\"@type\":\"SearchAction\",\"target\":{\"@type\":\"EntryPoint\",\"urlTemplate\":\"https:\\\/\\\/www.psychologische-praxis-aachen.de\\\/blog\\\/?s={search_term_string}\"},\"query-input\":{\"@type\":\"PropertyValueSpecification\",\"valueRequired\":true,\"valueName\":\"search_term_string\"}}],\"inLanguage\":\"de\"},{\"@type\":\"Organization\",\"@id\":\"https:\\\/\\\/www.psychologische-praxis-aachen.de\\\/blog\\\/#organization\",\"name\":\"Psychologischer Blog\",\"url\":\"https:\\\/\\\/www.psychologische-praxis-aachen.de\\\/blog\\\/\",\"logo\":{\"@type\":\"ImageObject\",\"inLanguage\":\"de\",\"@id\":\"https:\\\/\\\/www.psychologische-praxis-aachen.de\\\/blog\\\/#\\\/schema\\\/logo\\\/image\\\/\",\"url\":\"https:\\\/\\\/www.psychologische-praxis-aachen.de\\\/blog\\\/wp-content\\\/uploads\\\/2022\\\/03\\\/cropped-logo_klein__1_-removebg-preview.png\",\"contentUrl\":\"https:\\\/\\\/www.psychologische-praxis-aachen.de\\\/blog\\\/wp-content\\\/uploads\\\/2022\\\/03\\\/cropped-logo_klein__1_-removebg-preview.png\",\"width\":125,\"height\":71,\"caption\":\"Psychologischer Blog\"},\"image\":{\"@id\":\"https:\\\/\\\/www.psychologische-praxis-aachen.de\\\/blog\\\/#\\\/schema\\\/logo\\\/image\\\/\"}},{\"@type\":\"Person\",\"@id\":\"https:\\\/\\\/www.psychologische-praxis-aachen.de\\\/blog\\\/#\\\/schema\\\/person\\\/fc90cedab9bed991556cf94e8fe9806a\",\"name\":\"kamila.ecker\",\"image\":{\"@type\":\"ImageObject\",\"inLanguage\":\"de\",\"@id\":\"https:\\\/\\\/secure.gravatar.com\\\/avatar\\\/b1dad0e0ca7c5770913173f9b3e956e27ee9d59ef64f4ad20417feb702bd65d3?s=96&d=mm&r=g\",\"url\":\"https:\\\/\\\/secure.gravatar.com\\\/avatar\\\/b1dad0e0ca7c5770913173f9b3e956e27ee9d59ef64f4ad20417feb702bd65d3?s=96&d=mm&r=g\",\"contentUrl\":\"https:\\\/\\\/secure.gravatar.com\\\/avatar\\\/b1dad0e0ca7c5770913173f9b3e956e27ee9d59ef64f4ad20417feb702bd65d3?s=96&d=mm&r=g\",\"caption\":\"kamila.ecker\"},\"sameAs\":[\"https:\\\/\\\/www.psychologische-praxis-aachen.de\\\/blog\"]}]}<\/script>\n<!-- \/ Yoast SEO plugin. -->","yoast_head_json":{"title":"Schulstart ohne Stress? Wenn der Schulanfang Kinder und Eltern belastet - Psychologischer Blog","description":"Schulstart und Schulanfang k\u00f6nnen Kinder und Eltern belasten. Erfahren Sie, warum Stress, \u00c4ngste und \u00dcberforderung entstehen und was helfen kann.","robots":{"index":"index","follow":"follow","max-snippet":"max-snippet:-1","max-image-preview":"max-image-preview:large","max-video-preview":"max-video-preview:-1"},"canonical":"https:\/\/www.psychologische-praxis-aachen.de\/blog\/schulstart-ohne-stress-wenn-der-schulanfang-belastet\/","og_locale":"de_DE","og_type":"article","og_title":"Schulstart ohne Stress? Wenn der Schulanfang Kinder und Eltern belastet - Psychologischer Blog","og_description":"Schulstart und Schulanfang k\u00f6nnen Kinder und Eltern belasten. Erfahren Sie, warum Stress, \u00c4ngste und \u00dcberforderung entstehen und was helfen kann.","og_url":"https:\/\/www.psychologische-praxis-aachen.de\/blog\/schulstart-ohne-stress-wenn-der-schulanfang-belastet\/","og_site_name":"Psychologischer Blog","article_published_time":"2026-08-31T12:19:57+00:00","article_modified_time":"2026-08-31T12:20:00+00:00","og_image":[{"width":2560,"height":1707,"url":"https:\/\/www.psychologische-praxis-aachen.de\/blog\/wp-content\/uploads\/2026\/08\/schulstart-stress-scaled.jpg","type":"image\/jpeg"}],"author":"kamila.ecker","twitter_card":"summary_large_image","twitter_misc":{"Verfasst von":"kamila.ecker","Gesch\u00e4tzte Lesezeit":"6\u00a0Minuten"},"schema":{"@context":"https:\/\/schema.org","@graph":[{"@type":"Article","@id":"https:\/\/www.psychologische-praxis-aachen.de\/blog\/schulstart-ohne-stress-wenn-der-schulanfang-belastet\/#article","isPartOf":{"@id":"https:\/\/www.psychologische-praxis-aachen.de\/blog\/schulstart-ohne-stress-wenn-der-schulanfang-belastet\/"},"author":{"name":"kamila.ecker","@id":"https:\/\/www.psychologische-praxis-aachen.de\/blog\/#\/schema\/person\/fc90cedab9bed991556cf94e8fe9806a"},"headline":"Schulstart ohne Stress? Wenn der Schulanfang Kinder und Eltern belastet","datePublished":"2026-08-31T12:19:57+00:00","dateModified":"2026-08-31T12:20:00+00:00","mainEntityOfPage":{"@id":"https:\/\/www.psychologische-praxis-aachen.de\/blog\/schulstart-ohne-stress-wenn-der-schulanfang-belastet\/"},"wordCount":1068,"publisher":{"@id":"https:\/\/www.psychologische-praxis-aachen.de\/blog\/#organization"},"image":{"@id":"https:\/\/www.psychologische-praxis-aachen.de\/blog\/schulstart-ohne-stress-wenn-der-schulanfang-belastet\/#primaryimage"},"thumbnailUrl":"https:\/\/www.psychologische-praxis-aachen.de\/blog\/wp-content\/uploads\/2026\/08\/schulstart-stress-scaled.jpg","inLanguage":"de"},{"@type":"WebPage","@id":"https:\/\/www.psychologische-praxis-aachen.de\/blog\/schulstart-ohne-stress-wenn-der-schulanfang-belastet\/","url":"https:\/\/www.psychologische-praxis-aachen.de\/blog\/schulstart-ohne-stress-wenn-der-schulanfang-belastet\/","name":"Schulstart ohne Stress? Wenn der Schulanfang Kinder und Eltern belastet - Psychologischer Blog","isPartOf":{"@id":"https:\/\/www.psychologische-praxis-aachen.de\/blog\/#website"},"primaryImageOfPage":{"@id":"https:\/\/www.psychologische-praxis-aachen.de\/blog\/schulstart-ohne-stress-wenn-der-schulanfang-belastet\/#primaryimage"},"image":{"@id":"https:\/\/www.psychologische-praxis-aachen.de\/blog\/schulstart-ohne-stress-wenn-der-schulanfang-belastet\/#primaryimage"},"thumbnailUrl":"https:\/\/www.psychologische-praxis-aachen.de\/blog\/wp-content\/uploads\/2026\/08\/schulstart-stress-scaled.jpg","datePublished":"2026-08-31T12:19:57+00:00","dateModified":"2026-08-31T12:20:00+00:00","description":"Schulstart und Schulanfang k\u00f6nnen Kinder und Eltern belasten. Erfahren Sie, warum Stress, \u00c4ngste und \u00dcberforderung entstehen und was helfen kann.","breadcrumb":{"@id":"https:\/\/www.psychologische-praxis-aachen.de\/blog\/schulstart-ohne-stress-wenn-der-schulanfang-belastet\/#breadcrumb"},"inLanguage":"de","potentialAction":[{"@type":"ReadAction","target":["https:\/\/www.psychologische-praxis-aachen.de\/blog\/schulstart-ohne-stress-wenn-der-schulanfang-belastet\/"]}]},{"@type":"ImageObject","inLanguage":"de","@id":"https:\/\/www.psychologische-praxis-aachen.de\/blog\/schulstart-ohne-stress-wenn-der-schulanfang-belastet\/#primaryimage","url":"https:\/\/www.psychologische-praxis-aachen.de\/blog\/wp-content\/uploads\/2026\/08\/schulstart-stress-scaled.jpg","contentUrl":"https:\/\/www.psychologische-praxis-aachen.de\/blog\/wp-content\/uploads\/2026\/08\/schulstart-stress-scaled.jpg","width":2560,"height":1707},{"@type":"BreadcrumbList","@id":"https:\/\/www.psychologische-praxis-aachen.de\/blog\/schulstart-ohne-stress-wenn-der-schulanfang-belastet\/#breadcrumb","itemListElement":[{"@type":"ListItem","position":1,"name":"Startseite","item":"https:\/\/www.psychologische-praxis-aachen.de\/blog\/"},{"@type":"ListItem","position":2,"name":"Schulstart ohne Stress? Wenn der Schulanfang Kinder und Eltern belastet"}]},{"@type":"WebSite","@id":"https:\/\/www.psychologische-praxis-aachen.de\/blog\/#website","url":"https:\/\/www.psychologische-praxis-aachen.de\/blog\/","name":"Psychologischer Blog","description":"Wissen, Einordnung und praktische Perspektiven zu psychischen Belastungen und pers\u00f6nlichen Themen","publisher":{"@id":"https:\/\/www.psychologische-praxis-aachen.de\/blog\/#organization"},"potentialAction":[{"@type":"SearchAction","target":{"@type":"EntryPoint","urlTemplate":"https:\/\/www.psychologische-praxis-aachen.de\/blog\/?s={search_term_string}"},"query-input":{"@type":"PropertyValueSpecification","valueRequired":true,"valueName":"search_term_string"}}],"inLanguage":"de"},{"@type":"Organization","@id":"https:\/\/www.psychologische-praxis-aachen.de\/blog\/#organization","name":"Psychologischer Blog","url":"https:\/\/www.psychologische-praxis-aachen.de\/blog\/","logo":{"@type":"ImageObject","inLanguage":"de","@id":"https:\/\/www.psychologische-praxis-aachen.de\/blog\/#\/schema\/logo\/image\/","url":"https:\/\/www.psychologische-praxis-aachen.de\/blog\/wp-content\/uploads\/2022\/03\/cropped-logo_klein__1_-removebg-preview.png","contentUrl":"https:\/\/www.psychologische-praxis-aachen.de\/blog\/wp-content\/uploads\/2022\/03\/cropped-logo_klein__1_-removebg-preview.png","width":125,"height":71,"caption":"Psychologischer Blog"},"image":{"@id":"https:\/\/www.psychologische-praxis-aachen.de\/blog\/#\/schema\/logo\/image\/"}},{"@type":"Person","@id":"https:\/\/www.psychologische-praxis-aachen.de\/blog\/#\/schema\/person\/fc90cedab9bed991556cf94e8fe9806a","name":"kamila.ecker","image":{"@type":"ImageObject","inLanguage":"de","@id":"https:\/\/secure.gravatar.com\/avatar\/b1dad0e0ca7c5770913173f9b3e956e27ee9d59ef64f4ad20417feb702bd65d3?s=96&d=mm&r=g","url":"https:\/\/secure.gravatar.com\/avatar\/b1dad0e0ca7c5770913173f9b3e956e27ee9d59ef64f4ad20417feb702bd65d3?s=96&d=mm&r=g","contentUrl":"https:\/\/secure.gravatar.com\/avatar\/b1dad0e0ca7c5770913173f9b3e956e27ee9d59ef64f4ad20417feb702bd65d3?s=96&d=mm&r=g","caption":"kamila.ecker"},"sameAs":["https:\/\/www.psychologische-praxis-aachen.de\/blog"]}]}},"_links":{"self":[{"href":"https:\/\/www.psychologische-praxis-aachen.de\/blog\/wp-json\/wp\/v2\/posts\/393","targetHints":{"allow":["GET"]}}],"collection":[{"href":"https:\/\/www.psychologische-praxis-aachen.de\/blog\/wp-json\/wp\/v2\/posts"}],"about":[{"href":"https:\/\/www.psychologische-praxis-aachen.de\/blog\/wp-json\/wp\/v2\/types\/post"}],"author":[{"embeddable":true,"href":"https:\/\/www.psychologische-praxis-aachen.de\/blog\/wp-json\/wp\/v2\/users\/1"}],"replies":[{"embeddable":true,"href":"https:\/\/www.psychologische-praxis-aachen.de\/blog\/wp-json\/wp\/v2\/comments?post=393"}],"version-history":[{"count":2,"href":"https:\/\/www.psychologische-praxis-aachen.de\/blog\/wp-json\/wp\/v2\/posts\/393\/revisions"}],"predecessor-version":[{"id":397,"href":"https:\/\/www.psychologische-praxis-aachen.de\/blog\/wp-json\/wp\/v2\/posts\/393\/revisions\/397"}],"wp:featuredmedia":[{"embeddable":true,"href":"https:\/\/www.psychologische-praxis-aachen.de\/blog\/wp-json\/wp\/v2\/media\/394"}],"wp:attachment":[{"href":"https:\/\/www.psychologische-praxis-aachen.de\/blog\/wp-json\/wp\/v2\/media?parent=393"}],"wp:term":[{"taxonomy":"category","embeddable":true,"href":"https:\/\/www.psychologische-praxis-aachen.de\/blog\/wp-json\/wp\/v2\/categories?post=393"},{"taxonomy":"post_tag","embeddable":true,"href":"https:\/\/www.psychologische-praxis-aachen.de\/blog\/wp-json\/wp\/v2\/tags?post=393"}],"curies":[{"name":"wp","href":"https:\/\/api.w.org\/{rel}","templated":true}]}}